{"id":998,"date":"2024-02-26T21:51:29","date_gmt":"2024-02-26T20:51:29","guid":{"rendered":"https:\/\/www.gplr-12.fr\/?p=998"},"modified":"2024-03-01T21:51:45","modified_gmt":"2024-03-01T20:51:45","slug":"informations-essentielles-reunion-du-conseil-national-jeunesse-c-n-j","status":"publish","type":"post","link":"https:\/\/www.gplr-12.fr\/index.php\/2024\/02\/26\/informations-essentielles-reunion-du-conseil-national-jeunesse-c-n-j\/","title":{"rendered":"Informations essentielles R\u00e9union du Conseil National Jeunesse (C.N.J.)"},"content":{"rendered":"\n<h3 class=\"wp-block-heading\">Etat des lieux<\/h3>\n\n\n\n<p>Pascal Bandry, responsable du C.N.J. et Philippe Lesage, pr\u00e9sident de la F.F.A.P. proc\u00e8dent \u00e0 un \u00e9tat des lieux&nbsp;:<\/p>\n\n\n\n<ul class=\"wp-block-list\">\n<li>1000 jeunes environ au plan national, chiffre sensiblement \u00e9quivalent \u00e0 l&#8217;ann\u00e9e pr\u00e9c\u00e9dente.<br><strong>Pour notre r\u00e9gion<\/strong>, l&#8217;on comptabilisait <strong>27 adh\u00e9rents en 2023\u00a0, <\/strong>chiffre en l\u00e9g\u00e8re augmentation.<\/li>\n\n\n\n<li>5 associations ont d\u00e9clar\u00e9 des jeunes adh\u00e9rents\u00a0:\u00a0 5 \u00e0 Montpellier (+2), 3 \u00e0 B\u00e9ziers (=), 1 \u00e0 S\u00e8te (=), 16 \u00e0 Carcassonne (+4),\u00a0 2 pour Philapostel (=) .<\/li>\n\n\n\n<li>2 associations qui avaient des adh\u00e9rents jeunes en 2022 n&#8217;en ont pas d\u00e9clar\u00e9\u00a0:\u00a0 Perpignan (-1) et La Haute Vall\u00e9e de l&#8217;Aude (-2).<\/li>\n\n\n\n<li>7 autres associations ( Uz\u00e8s, Ard\u00e8che M\u00e9ridionale, Ganges, Lod\u00e8ve, Saissac, Saint Ambroix, Castelnaudary)\u00a0: \u00e9tat n\u00e9ant.<\/li>\n<\/ul>\n\n\n\n<h3 class=\"wp-block-heading\"><strong>Agr\u00e9ment Jeunesse\/Education populaire<\/strong><\/h3>\n\n\n\n<p>Il est rappel\u00e9 que la F.F.A.P. b\u00e9n\u00e9ficie d&#8217;un agr\u00e9ment national Jeunesse\/Education Populaire qui peut \u00eatre utilis\u00e9 pour toute demande d&#8217;intervention en scolaire.<\/p>\n\n\n\n<h3 class=\"wp-block-heading\"><strong>Initiatives nationales 2024<\/strong><\/h3>\n\n\n\n<p><strong>Le Concours \u00ab&nbsp;Open Sport&nbsp;\u00bb 2024<\/strong><strong>&nbsp;: <\/strong>Le nombre de participations, 215, re\u00e7ues \u00e0 ce jour est encourageant, dont 23 jeunes en individuel et 18 en collectif. Pour notre r\u00e9gion, 2 participations (\u00e0 notre connaisasnce)&nbsp;\u00e9manant de Carcassonne (\u00ab&nbsp;Timbres, cartes et m\u00e9dailles) et de la Haute Vall\u00e9e de l&#8217;Aude (\u00ab&nbsp;le cheval sportif&nbsp;\u00bb). Au del\u00e0 des \u00ab&nbsp;gros lots&nbsp;\u00bb, chaque participant jeune recevra une r\u00e9compense.<\/p>\n\n\n\n<p>Ce type de concours sera r\u00e9dit\u00e9 tous les deux ans. Le th\u00e8me pour 2026 serait&nbsp; \u00ab&nbsp;Merveilleuse Nature&nbsp;\u00bb<\/p>\n\n\n\n<p><strong>\u00ab&nbsp;Timbres passion&nbsp;<\/strong>\u00bb le 26 et 27 octobre 2024 \u00e0 Ch\u00e2lons en Champagne. Un timbres sera \u00e9mis par la poste repr\u00e9sentant le \u00ab&nbsp;Cirque de Ch\u00e2lons&nbsp;\u00bb attenant \u00e0 une vignette \u00ab&nbsp;Phil\u00e9as&nbsp;\u00bb. Infos \u00e0 suivre avec cr\u00e9ation d&#8217;un site internet d\u00e9di\u00e9.<\/p>\n\n\n\n<h3 class=\"wp-block-heading\"><strong>Rappel des aides \u00ab\u00a0jeunesse\u00a0\u00bb<\/strong>\u00a0aux associations<\/h3>\n\n\n\n<ul class=\"wp-block-list\">\n<li><strong>Dotations<\/strong>: la F.F.A.P. nous a remis des<strong> enveloppes de 100 timbres, de pochettes de 16 timbres neufs France\/\u00e9tranger et des lots de docs philat\u00e9liques divers<\/strong>\u00a0 qui seront transmis lors de la prochaine r\u00e9union du C.A. \u00e0 S\u00e8te, le 2\/03, sur la base des chiffres 2023. Une peluche \u00ab\u00a0Phileas\u00a0\u00bb fait \u00e9galement partie de la dotation.<\/li>\n\n\n\n<li>le C.N.J. propose une \u00ab<strong>\u00a0aide technique aux exposants<\/strong>\u00a0\u00bb\u00a0: par exemple, conseils montage de collections.<\/li>\n\n\n\n<li><strong>les jeunes qui exposent<\/strong> peuvent s&#8217;adresser \u00e0 la FFAP\/C.N.J. pour des demandes sp\u00e9cifiques sur leur th\u00e9matique. Attention\u00a0: ne pas s&#8217;adresser directement \u00e0 l&#8217;ADPhil.\u00a0!<\/li>\n\n\n\n<li><strong>de courtes vid\u00e9os<\/strong> sur sa collection personnelle peuvent \u00eatre r\u00e9alis\u00e9es en toute libert\u00e9 et adress\u00e9es \u00e0 la F.F.A. P\/C.N.J.<\/li>\n\n\n\n<li><strong>une page jeunesse<\/strong> est syst\u00e9matiquement ins\u00e9r\u00e9e dans le bulletin de la F.F.A.P. Il est fait appel \u00e0 contribution. Un <strong>powerpoint \u00ab\u00a0jeunesse\u00a0<\/strong>\u00bb est aussi disponible aupr\u00e8s du C.N.J. et peut \u00eatre par exemple utilis\u00e9 lors d&#8217;une A.G. d&#8217;association.<\/li>\n<\/ul>\n\n\n\n<p>Enfin, toute demande sp\u00e9cifique \u00ab&nbsp;jeunesse&nbsp;\u00bb adress\u00e9e au C.N.J. Est examin\u00e9e positivement.<\/p>\n\n\n\n<p><strong>&nbsp;&nbsp;&nbsp;&nbsp;&nbsp;&nbsp; Un tour de table a \u00e9t\u00e9 fait par les r\u00e9f\u00e9rents jeunesse des r\u00e9gions repr\u00e9sent\u00e9es au C.N.J.<\/strong> Nous y avons fait en ce qui nous concerne \u00e9tat des effectifs, des initiatives ( animations, communication et concours) connues dans la r\u00e9gion.<\/p>\n\n\n\n<p class=\"has-text-align-left\">La r\u00e9union s&#8217;est termin\u00e9e par l&#8217;<strong>allocution de P. Lesage<\/strong>, Pr\u00e9sident de la F.F.A.P.<\/p>\n\n\n\n<p>Restant \u00e0 votre disposition, n&#8217;h\u00e9sitez pas non plus \u00e0 me contacter,<br>Jean Loyis Icher, Conseiller R\u00e9gional Jeunesse, jl.icher@club-internet.fr<\/p>\n","protected":false},"excerpt":{"rendered":"<p>Etat des lieux Pascal Bandry, responsable du C.N.J. et Philippe Lesage, pr\u00e9sident de la F.F.A.P. proc\u00e8dent \u00e0 un \u00e9tat des lieux&nbsp;: Agr\u00e9ment Jeunesse\/Education populaire Il [&#8230;]<\/p>\n","protected":false},"author":1,"featured_media":0,"comment_status":"open","ping_status":"open","sticky":false,"template":"","format":"standard","meta":{"_acf_changed":false,"_themeisle_gutenberg_block_has_review":false,"footnotes":""},"categories":[8],"tags":[],"class_list":["post-998","post","type-post","status-publish","format-standard","hentry","category-jeunesse"],"acf":[],"_links":{"self":[{"href":"https:\/\/www.gplr-12.fr\/index.php\/wp-json\/wp\/v2\/posts\/998","targetHints":{"allow":["GET"]}}],"collection":[{"href":"https:\/\/www.gplr-12.fr\/index.php\/wp-json\/wp\/v2\/posts"}],"about":[{"href":"https:\/\/www.gplr-12.fr\/index.php\/wp-json\/wp\/v2\/types\/post"}],"author":[{"embeddable":true,"href":"https:\/\/www.gplr-12.fr\/index.php\/wp-json\/wp\/v2\/users\/1"}],"replies":[{"embeddable":true,"href":"https:\/\/www.gplr-12.fr\/index.php\/wp-json\/wp\/v2\/comments?post=998"}],"version-history":[{"count":1,"href":"https:\/\/www.gplr-12.fr\/index.php\/wp-json\/wp\/v2\/posts\/998\/revisions"}],"predecessor-version":[{"id":999,"href":"https:\/\/www.gplr-12.fr\/index.php\/wp-json\/wp\/v2\/posts\/998\/revisions\/999"}],"wp:attachment":[{"href":"https:\/\/www.gplr-12.fr\/index.php\/wp-json\/wp\/v2\/media?parent=998"}],"wp:term":[{"taxonomy":"category","embeddable":true,"href":"https:\/\/www.gplr-12.fr\/index.php\/wp-json\/wp\/v2\/categories?post=998"},{"taxonomy":"post_tag","embeddable":true,"href":"https:\/\/www.gplr-12.fr\/index.php\/wp-json\/wp\/v2\/tags?post=998"}],"curies":[{"name":"wp","href":"https:\/\/api.w.org\/{rel}","templated":true}]}}