{"id":937,"date":"2023-10-29T17:04:05","date_gmt":"2023-10-29T16:04:05","guid":{"rendered":"https:\/\/www.philagplr12.fr\/?p=937"},"modified":"2023-10-29T17:04:08","modified_gmt":"2023-10-29T16:04:08","slug":"ruckblick-auf-den-congres-philatelique-regional-languedoc-roussillon-vom-21-und-22-oktober-2023","status":"publish","type":"post","link":"https:\/\/www.gplr-12.fr\/index.php\/2023\/10\/29\/ruckblick-auf-den-congres-philatelique-regional-languedoc-roussillon-vom-21-und-22-oktober-2023\/","title":{"rendered":"R\u00fcckblick auf den Congr\u00e8s Philat\u00e9lique R\u00e9gional &#8211; Languedoc Roussillon vom 21. und 22. Oktober 2023"},"content":{"rendered":"\n<p>Am Wochenende des 21. und 22. Oktober fand im Foyer von Montlegun diese doppelte regionale Veranstaltung unter der Schirmherrschaft der F\u00e9d\u00e9ration Fran\u00e7aise des Associations Philat\u00e9liques (F.F.A.P.) statt. Bei der Er\u00f6ffnung sprachen der nationale Pr\u00e4sident Philippe Lesage und die f\u00fcr Kultur zust\u00e4ndige Vizepr\u00e4sidentin des Departementsrats, Frau Conquet, \u00fcber die Veranstaltung.<\/p>\n\n\n\n<p>An beiden Tagen gab es eine philatelistische Wettbewerbsausstellung, bei der verschiedene postgeschichtliche, thematische und andere Sammlungen zu bewundern waren. So konnte man zwischen den Tafeln mit den Postdiensten in Rivesaltais und Salanquais (G. Fort), der Postgeschichte der franz\u00f6sischen Milit\u00e4rschulen (D. Billotet), einer Studie der Poststempel des Kirchenstaates (G. Baylet), den Gesichtern der Marianne (F. Grillot), den Briefmarken von Memel (R. Pineau) und einem Boulespiel (M. Subra) flanieren. Schlie\u00dflich pr\u00e4sentierte das &#8220;Jugendkollektiv&#8221; des A.P.N.C. eine 30-seitige Arbeit \u00fcber Sport.<\/p>\n\n\n\n<figure class=\"wp-block-video\"><video height=\"960\" style=\"aspect-ratio: 960 \/ 960;\" width=\"960\" controls src=\"https:\/\/www.sumi0061.odns.fr\/wp-content\/uploads\/2023\/10\/Expostion-philatelique.mp4\"><\/video><\/figure>\n\n\n\n<p>Die Jury (P. und M. Lacastaignerate, A. Tarbouriech, M. Nadal und E. Mathieu) \u00fcbergab am Sonntagnachmittag die Auszeichnungen an die erfolgreichen Aussteller. Fachb\u00fccher, Alben, philatelistisches Material, Weinkisten aus Corbi\u00e8res und vieles mehr erfreuten die Preistr\u00e4ger. Nicht zu vergessen die anwesenden Kinder und Jugendlichen, die ihrerseits Briefmarkentaschen und philatelistische Geschenke erhielten.<\/p>\n\n\n\n<p>Regionalkongress fand am Sonntagmorgen unter dem Vorsitz des Regionalleiters Michel Subra mit den Delegierten der Philatelistenvereine aus dem Languedoc-Roussillon statt. Die 14 anwesenden oder vertretenen Vereine der Region stimmten \u00fcber die verschiedenen Berichte ab, bevor die Schlussrede von P. Lesage gehalten wurde, der auch die Troph\u00e4e f\u00fcr die Jugendarbeit der A.P.N.C. an J.L.Icher \u00fcberreichte.<\/p>\n\n\n\n<figure class=\"wp-block-video\"><video height=\"720\" style=\"aspect-ratio: 1280 \/ 720;\" width=\"1280\" controls src=\"https:\/\/www.sumi0061.odns.fr\/wp-content\/uploads\/2023\/10\/CONGRES-REGIONAL-LR.mp4\"><\/video><\/figure>\n\n\n\n<figure class=\"wp-block-video\"><video height=\"720\" style=\"aspect-ratio: 1280 \/ 720;\" width=\"1280\" controls src=\"https:\/\/www.sumi0061.odns.fr\/wp-content\/uploads\/2023\/10\/Cite-medievale.mp4\"><\/video><\/figure>\n\n\n\n<p>Parallel zur Ausstellung konnte das Publikum Souvenirs und Sammlerst\u00fccke mit einem von der A.P.N.C. hergestellten Sonderstempel erwerben, Gutachten und Ratschl\u00e4ge erhalten und seine Sammlungen bei spezialisierten H\u00e4ndlern, darunter &#8220;Aude Collection&#8221; aus Carcassonne, vervollst\u00e4ndigen.<\/p>\n\n\n\n<figure class=\"wp-block-video\"><video height=\"720\" style=\"aspect-ratio: 1280 \/ 720;\" width=\"1280\" controls src=\"https:\/\/www.sumi0061.odns.fr\/wp-content\/uploads\/2023\/10\/INSTANTS-CONVIVIAUX.mp4\"><\/video><\/figure>\n\n\n\n<p>Die A.P.N.C. m\u00f6chte den Personen danken, ohne die diese Veranstaltung nicht so erfolgreich gewesen w\u00e4re und die keine k\u00f6rperlichen oder&#8230; geistigen M\u00fchen gescheut haben: ein gro\u00dfes Dankesch\u00f6n an Marie Andr\u00e9e, Sylvie, Serge, Louis, Jacques, Gaby, Guy, Nicole, Fr\u00e9d\u00e9ric, Jean-Louis, G\u00e9rard&#8230;.f\u00fcr ihren Beitrag am Freitag, Samstag, Sonntag oder an allen drei Tagen!<\/p>\n","protected":false},"excerpt":{"rendered":"<p>Am Wochenende des 21. und 22. Oktober fand im Foyer von Montlegun diese doppelte regionale Veranstaltung unter der Schirmherrschaft der F\u00e9d\u00e9ration Fran\u00e7aise des Associations Philat\u00e9liques [&#8230;]<\/p>\n","protected":false},"author":1,"featured_media":0,"comment_status":"open","ping_status":"open","sticky":false,"template":"","format":"standard","meta":{"_acf_changed":false,"_themeisle_gutenberg_block_has_review":false,"footnotes":""},"categories":[168],"tags":[],"class_list":["post-937","post","type-post","status-publish","format-standard","hentry","category-nachrichten"],"acf":[],"_links":{"self":[{"href":"https:\/\/www.gplr-12.fr\/index.php\/wp-json\/wp\/v2\/posts\/937","targetHints":{"allow":["GET"]}}],"collection":[{"href":"https:\/\/www.gplr-12.fr\/index.php\/wp-json\/wp\/v2\/posts"}],"about":[{"href":"https:\/\/www.gplr-12.fr\/index.php\/wp-json\/wp\/v2\/types\/post"}],"author":[{"embeddable":true,"href":"https:\/\/www.gplr-12.fr\/index.php\/wp-json\/wp\/v2\/users\/1"}],"replies":[{"embeddable":true,"href":"https:\/\/www.gplr-12.fr\/index.php\/wp-json\/wp\/v2\/comments?post=937"}],"version-history":[{"count":1,"href":"https:\/\/www.gplr-12.fr\/index.php\/wp-json\/wp\/v2\/posts\/937\/revisions"}],"predecessor-version":[{"id":938,"href":"https:\/\/www.gplr-12.fr\/index.php\/wp-json\/wp\/v2\/posts\/937\/revisions\/938"}],"wp:attachment":[{"href":"https:\/\/www.gplr-12.fr\/index.php\/wp-json\/wp\/v2\/media?parent=937"}],"wp:term":[{"taxonomy":"category","embeddable":true,"href":"https:\/\/www.gplr-12.fr\/index.php\/wp-json\/wp\/v2\/categories?post=937"},{"taxonomy":"post_tag","embeddable":true,"href":"https:\/\/www.gplr-12.fr\/index.php\/wp-json\/wp\/v2\/tags?post=937"}],"curies":[{"name":"wp","href":"https:\/\/api.w.org\/{rel}","templated":true}]}}