{"id":925,"date":"2023-10-18T09:57:31","date_gmt":"2023-10-18T07:57:31","guid":{"rendered":"https:\/\/www.philagplr12.fr\/?p=925"},"modified":"2023-10-18T09:57:32","modified_gmt":"2023-10-18T07:57:32","slug":"grands-prix-de-lart-philatelique-3","status":"publish","type":"post","link":"https:\/\/www.gplr-12.fr\/index.php\/2023\/10\/18\/grands-prix-de-lart-philatelique-3\/","title":{"rendered":"Grands prix de l&#8217;Art Philat\u00e9lique"},"content":{"rendered":"\n<h4 class=\"wp-block-heading\">Salon Philat\u00e9lique d&#8217;Automne<\/h4>\n\n\n\n<p>Dans les bureaux de la CNEP \u00e0 Paris, le jury des 72\u00b0 Grands Prix de l\u2019Art Philat\u00e9lique s\u2019est r\u00e9uni lundi 16 octobre 2023. Fran\u00e7ois FARCIGNY, Pr\u00e9sident du jury, \u00e9tait entour\u00e9 de 20 membres sur 38 convi\u00e9s. Ce jury d\u00e9cerne les prix pour les plus beaux timbres dans les diff\u00e9rentes cat\u00e9gories.<\/p>\n\n\n\n<p><strong>Le Grand Prix de l\u2019art Philat\u00e9lique pour TOM, les collectivit\u00e9s territoriales et Andorre Fran\u00e7ais <\/strong>a \u00e9t\u00e9 d\u00e9cern\u00e9 au 2\u00b0 tour avec 8 voix au bloc des TAAF fond marins des TAAF cr\u00e9ation et gravure de Sarah Lazarevic.<\/p>\n\n\n<div class=\"wp-block-image\">\n<figure class=\"aligncenter size-full\"><img loading=\"lazy\" decoding=\"async\" width=\"458\" height=\"335\" src=\"https:\/\/www.sumi0061.odns.fr\/wp-content\/uploads\/2023\/10\/TAAF-Fond-marins.jpg\" alt=\"\" class=\"wp-image-914\" srcset=\"https:\/\/www.gplr-12.fr\/wp-content\/uploads\/2023\/10\/TAAF-Fond-marins.jpg 458w, https:\/\/www.gplr-12.fr\/wp-content\/uploads\/2023\/10\/TAAF-Fond-marins-300x219.jpg 300w\" sizes=\"auto, (max-width: 458px) 100vw, 458px\" \/><\/figure>\n<\/div>\n\n\n<p><strong>Le Grand Prix de l\u2019Art Philat\u00e9lique 2023 a \u00e9t\u00e9 d\u00e9cern\u00e9 \u00e0 la Polyn\u00e9sie Fran\u00e7aise, pays invit\u00e9 d\u2019honneur du salon <\/strong>au 1\u00b0 tour avec 27 points au bloc 200 ans du tour du monde de La Coquille, cr\u00e9ation et gravure de Sophie Beaujard.<\/p>\n\n\n<div class=\"wp-block-image\">\n<figure class=\"aligncenter size-large is-resized\"><img loading=\"lazy\" decoding=\"async\" width=\"1024\" height=\"767\" src=\"https:\/\/www.sumi0061.odns.fr\/wp-content\/uploads\/2023\/10\/La-coquille-1024x767.jpg\" alt=\"\" class=\"wp-image-915\" style=\"width:458px\" srcset=\"https:\/\/www.gplr-12.fr\/wp-content\/uploads\/2023\/10\/La-coquille-1024x767.jpg 1024w, https:\/\/www.gplr-12.fr\/wp-content\/uploads\/2023\/10\/La-coquille-300x225.jpg 300w, https:\/\/www.gplr-12.fr\/wp-content\/uploads\/2023\/10\/La-coquille-768x575.jpg 768w, https:\/\/www.gplr-12.fr\/wp-content\/uploads\/2023\/10\/La-coquille-1536x1150.jpg 1536w, https:\/\/www.gplr-12.fr\/wp-content\/uploads\/2023\/10\/La-coquille.jpg 1600w\" sizes=\"auto, (max-width: 1024px) 100vw, 1024px\" \/><\/figure>\n<\/div>\n\n\n<p><strong>Le Grand Prix de l\u2019Art Philat\u00e9lique Fran\u00e7ais <\/strong>est scind\u00e9 en trois cat\u00e9gories : les timbres en feuille gomm\u00e9s dans tous les modes d\u2019impression, les blocs feuillets gomm\u00e9s et les timbres taille-douce.<\/p>\n\n\n\n<div class=\"wp-block-group\"><div class=\"wp-block-group__inner-container is-layout-constrained wp-block-group-is-layout-constrained\">\n<ul class=\"wp-block-list\">\n<li><strong>Dans la premi\u00e8re cat\u00e9gorie<\/strong>, le prix a \u00e9t\u00e9 d\u00e9cern\u00e9 au 1\u00b0 tour avec 30 points au timbre taille-douce m\u00e9tiers d\u2019art ENLUMINEUR dessin\u00e9 par Florence Gendre et grav\u00e9 par Claude Jumelet.<\/li>\n<\/ul>\n\n\n<div class=\"wp-block-image\">\n<figure class=\"aligncenter size-full\"><img loading=\"lazy\" decoding=\"async\" width=\"225\" height=\"225\" src=\"https:\/\/www.sumi0061.odns.fr\/wp-content\/uploads\/2023\/10\/enlumineur.jpg\" alt=\"\" class=\"wp-image-916\" srcset=\"https:\/\/www.gplr-12.fr\/wp-content\/uploads\/2023\/10\/enlumineur.jpg 225w, https:\/\/www.gplr-12.fr\/wp-content\/uploads\/2023\/10\/enlumineur-150x150.jpg 150w\" sizes=\"auto, (max-width: 225px) 100vw, 225px\" \/><\/figure>\n<\/div>\n\n\n<ul class=\"wp-block-list\">\n<li><strong>Dans la deuxi\u00e8me cat\u00e9gorie<\/strong>, le prix a \u00e9t\u00e9 d\u00e9cern\u00e9 au 2\u00b0 tour avec 15 points, au bloc les bourdons de Notre Dame de Paris dessin\u00e9 et grav\u00e9 par Sarah Bougault.<\/li>\n<\/ul>\n\n\n<div class=\"wp-block-image\">\n<figure class=\"aligncenter size-full\"><img loading=\"lazy\" decoding=\"async\" width=\"458\" height=\"344\" src=\"https:\/\/www.sumi0061.odns.fr\/wp-content\/uploads\/2023\/10\/les-bourdons-de-notre-dame.jpg\" alt=\"\" class=\"wp-image-917\" srcset=\"https:\/\/www.gplr-12.fr\/wp-content\/uploads\/2023\/10\/les-bourdons-de-notre-dame.jpg 458w, https:\/\/www.gplr-12.fr\/wp-content\/uploads\/2023\/10\/les-bourdons-de-notre-dame-300x225.jpg 300w\" sizes=\"auto, (max-width: 458px) 100vw, 458px\" \/><\/figure>\n<\/div>\n\n\n<ul class=\"wp-block-list\">\n<li><strong>Dans la troisi\u00e8me cat\u00e9gorie<\/strong>, le prix a \u00e9t\u00e9 d\u00e9cern\u00e9 au 1\u00b0 tour avec 15 points au bloc les bourdons de Notre Dame de Paris dessin\u00e9 et grav\u00e9 par Sarah Bougault.<\/li>\n<\/ul>\n<\/div><\/div>\n\n\n\n<p><strong>Prix informel pour les carnets autocollants <\/strong>: au 1<sup>er<\/sup> tour avec 16 points c\u2019est le carnet Iconique Tour Eiffel mis en page par Etienne Th\u00e9ry.<\/p>\n\n\n<div class=\"wp-block-image\">\n<figure class=\"aligncenter size-large\"><img loading=\"lazy\" decoding=\"async\" width=\"1024\" height=\"556\" src=\"https:\/\/www.sumi0061.odns.fr\/wp-content\/uploads\/2023\/10\/carnet-tour-eiffel-1024x556.jpg\" alt=\"\" class=\"wp-image-918\" srcset=\"https:\/\/www.gplr-12.fr\/wp-content\/uploads\/2023\/10\/carnet-tour-eiffel-1024x556.jpg 1024w, https:\/\/www.gplr-12.fr\/wp-content\/uploads\/2023\/10\/carnet-tour-eiffel-300x163.jpg 300w, https:\/\/www.gplr-12.fr\/wp-content\/uploads\/2023\/10\/carnet-tour-eiffel-768x417.jpg 768w, https:\/\/www.gplr-12.fr\/wp-content\/uploads\/2023\/10\/carnet-tour-eiffel-1536x834.jpg 1536w, https:\/\/www.gplr-12.fr\/wp-content\/uploads\/2023\/10\/carnet-tour-eiffel.jpg 1560w\" sizes=\"auto, (max-width: 1024px) 100vw, 1024px\" \/><\/figure>\n<\/div>\n\n\n<p>Enfin le Prix Citron n&#8217;a pas \u00e9t\u00e9 attribu\u00e9 cette ann\u00e9e n&#8217;ayant pas eu assentiment du jury.<\/p>\n","protected":false},"excerpt":{"rendered":"<p>Salon Philat\u00e9lique d&#8217;Automne Dans les bureaux de la CNEP \u00e0 Paris, le jury des 72\u00b0 Grands Prix de l\u2019Art Philat\u00e9lique s\u2019est r\u00e9uni lundi 16 octobre [&#8230;]<\/p>\n","protected":false},"author":1,"featured_media":919,"comment_status":"open","ping_status":"open","sticky":false,"template":"","format":"standard","meta":{"_acf_changed":false,"_themeisle_gutenberg_block_has_review":false,"footnotes":""},"categories":[168],"tags":[],"class_list":["post-925","post","type-post","status-publish","format-standard","has-post-thumbnail","hentry","category-nachrichten"],"acf":[],"_links":{"self":[{"href":"https:\/\/www.gplr-12.fr\/index.php\/wp-json\/wp\/v2\/posts\/925","targetHints":{"allow":["GET"]}}],"collection":[{"href":"https:\/\/www.gplr-12.fr\/index.php\/wp-json\/wp\/v2\/posts"}],"about":[{"href":"https:\/\/www.gplr-12.fr\/index.php\/wp-json\/wp\/v2\/types\/post"}],"author":[{"embeddable":true,"href":"https:\/\/www.gplr-12.fr\/index.php\/wp-json\/wp\/v2\/users\/1"}],"replies":[{"embeddable":true,"href":"https:\/\/www.gplr-12.fr\/index.php\/wp-json\/wp\/v2\/comments?post=925"}],"version-history":[{"count":1,"href":"https:\/\/www.gplr-12.fr\/index.php\/wp-json\/wp\/v2\/posts\/925\/revisions"}],"predecessor-version":[{"id":926,"href":"https:\/\/www.gplr-12.fr\/index.php\/wp-json\/wp\/v2\/posts\/925\/revisions\/926"}],"wp:featuredmedia":[{"embeddable":true,"href":"https:\/\/www.gplr-12.fr\/index.php\/wp-json\/wp\/v2\/media\/919"}],"wp:attachment":[{"href":"https:\/\/www.gplr-12.fr\/index.php\/wp-json\/wp\/v2\/media?parent=925"}],"wp:term":[{"taxonomy":"category","embeddable":true,"href":"https:\/\/www.gplr-12.fr\/index.php\/wp-json\/wp\/v2\/categories?post=925"},{"taxonomy":"post_tag","embeddable":true,"href":"https:\/\/www.gplr-12.fr\/index.php\/wp-json\/wp\/v2\/tags?post=925"}],"curies":[{"name":"wp","href":"https:\/\/api.w.org\/{rel}","templated":true}]}}