{"id":79,"date":"2022-03-14T17:18:00","date_gmt":"2022-03-14T16:18:00","guid":{"rendered":"https:\/\/www.philagplr12.fr\/?p=79"},"modified":"2023-08-03T17:24:22","modified_gmt":"2023-08-03T15:24:22","slug":"le-timbre-etait-a-la-fete","status":"publish","type":"post","link":"https:\/\/www.gplr-12.fr\/index.php\/2022\/03\/14\/le-timbre-etait-a-la-fete\/","title":{"rendered":"Le timbre \u00e9tait \u00e0 la f\u00eate"},"content":{"rendered":"\n<p>La F\u00eate du Timbre, organis\u00e9e par l&#8217;Association Philat\u00e9lique et Numismatique Carcassonnaise en partenariat avec la Poste s&#8217;est d\u00e9roul\u00e9e ce week-end. Pr\u00e8s de 130 personnes s&#8217;y sont succ\u00e9d\u00e9es dans les locaux de la Maison des Jeunes pour se procurer le timbre et le bloc sur la th\u00e9matique du voyage, \u00e9mis le 12 mars, voire en affranchir un courrier que l&#8217;on pouvait poster dans le bureau temporaire que la Poste tenait en cette occasion.<\/p>\n\n\n<div class=\"wp-block-image\">\n<figure class=\"aligncenter size-large is-resized\"><img loading=\"lazy\" decoding=\"async\" src=\"https:\/\/www.sumi0061.odns.fr\/wp-content\/uploads\/2023\/08\/Fete-du-timbre-les-organisateurs-et-le-bureau-temporaire-de-la-Poste-1024x768.jpg\" alt=\"\" class=\"wp-image-81\" width=\"589\" height=\"442\" srcset=\"https:\/\/www.gplr-12.fr\/wp-content\/uploads\/2023\/08\/Fete-du-timbre-les-organisateurs-et-le-bureau-temporaire-de-la-Poste-1024x768.jpg 1024w, https:\/\/www.gplr-12.fr\/wp-content\/uploads\/2023\/08\/Fete-du-timbre-les-organisateurs-et-le-bureau-temporaire-de-la-Poste-300x225.jpg 300w, https:\/\/www.gplr-12.fr\/wp-content\/uploads\/2023\/08\/Fete-du-timbre-les-organisateurs-et-le-bureau-temporaire-de-la-Poste-768x576.jpg 768w, https:\/\/www.gplr-12.fr\/wp-content\/uploads\/2023\/08\/Fete-du-timbre-les-organisateurs-et-le-bureau-temporaire-de-la-Poste-1536x1152.jpg 1536w, https:\/\/www.gplr-12.fr\/wp-content\/uploads\/2023\/08\/Fete-du-timbre-les-organisateurs-et-le-bureau-temporaire-de-la-Poste.jpg 2048w\" sizes=\"auto, (max-width: 589px) 100vw, 589px\" \/><figcaption class=\"wp-element-caption\">F\u00eate du timbre 2022 \u00e0 Carcassonne<br>Les organisateurs de l&#8217;APNC et le bureau de poste temporaire<\/figcaption><\/figure>\n<\/div>\n\n\n<p>Six expositions de timbres, maquettes et cartes postales ( l&#8217;Histoire des F\u00eates du Timbre, les chats, les \u00e9missions au type P\u00e9tain, les wagons postaux, la b\u00eate du G\u00e9vaudan, la R\u00e9sistance) \u00e9taient mont\u00e9es et pr\u00e9sent\u00e9es par les adh\u00e9rents de l&#8217;association ou de son atelier philat\u00e9lique \u00ab&nbsp;jeunesse&nbsp;\u00bb. Une tombola gratuite permettait \u00e0 six heureux gagnants de remporter des ch\u00e8ques cadeaux d&#8217;une valeur de 30 euros.<\/p>\n\n\n\n<p>Le visiteur pouvait en outre trouver le billet de banque, la pi\u00e8ce de monnaie, le timbre ou la carte postale ancienne qui allait compl\u00e9ter sa collection aupr\u00e8s des \u00e9tals de la \u00ab&nbsp;bourse d&#8217;\u00e9changes&nbsp;\u00bb. Enfin, les plus jeunes d&#8217;entre eux repartaient avec des mini-albums, timbres et mat\u00e9riel n\u00e9cessaire pour d\u00e9buter une collection.<\/p>\n\n\n<div class=\"wp-block-image\">\n<figure class=\"aligncenter size-large is-resized\"><img loading=\"lazy\" decoding=\"async\" src=\"https:\/\/www.sumi0061.odns.fr\/wp-content\/uploads\/2023\/08\/Un-dessin-contre-une-pochette-de-timbres-768x1024.jpg\" alt=\"\" class=\"wp-image-84\" width=\"466\" height=\"621\" srcset=\"https:\/\/www.gplr-12.fr\/wp-content\/uploads\/2023\/08\/Un-dessin-contre-une-pochette-de-timbres-768x1024.jpg 768w, https:\/\/www.gplr-12.fr\/wp-content\/uploads\/2023\/08\/Un-dessin-contre-une-pochette-de-timbres-225x300.jpg 225w, https:\/\/www.gplr-12.fr\/wp-content\/uploads\/2023\/08\/Un-dessin-contre-une-pochette-de-timbres-1152x1536.jpg 1152w, https:\/\/www.gplr-12.fr\/wp-content\/uploads\/2023\/08\/Un-dessin-contre-une-pochette-de-timbres-1536x2048.jpg 1536w, https:\/\/www.gplr-12.fr\/wp-content\/uploads\/2023\/08\/Un-dessin-contre-une-pochette-de-timbres-scaled.jpg 1920w\" sizes=\"auto, (max-width: 466px) 100vw, 466px\" \/><figcaption class=\"wp-element-caption\">F\u00eate du timbre 2022 \u00e0 Carcassonne<br>Un dessin contre une pochette de timbre<\/figcaption><\/figure>\n<\/div>\n\n\n<p>L&#8217;A.P.N.C qui tire un bilan positif de cette initiative, bas\u00e9e sur le partage de moments conviviaux entre collectionneurs, tient \u00e9galement \u00e0&nbsp; remercier les \u00e9lus ( Mmes Conquet (vice-pr\u00e9sidente \u00e0 al culture du d\u00e9partement), H\u00e9rin (D\u00e9put\u00e9e) et Bardou (Mairie) qui par leur pr\u00e9sence ou leur message ont rappel\u00e9 le soutien apport\u00e9 par les institutions \u00e0 l&#8217;activit\u00e9 culturelle propos\u00e9e par l&#8217;association dans un cadre interg\u00e9n\u00e9rationnel, comme nous tenons aussi \u00e0 mettre l&#8217;accent sur&nbsp; la qualit\u00e9 du&nbsp; partenariat qui s&#8217;est mis en place la Poste \u00e0 cet effet.<\/p>\n","protected":false},"excerpt":{"rendered":"<p>La F\u00eate du Timbre, organis\u00e9e par l&#8217;Association Philat\u00e9lique et Numismatique Carcassonnaise en partenariat avec la Poste s&#8217;est d\u00e9roul\u00e9e ce week-end. Pr\u00e8s de 130 personnes s&#8217;y [&#8230;]<\/p>\n","protected":false},"author":1,"featured_media":0,"comment_status":"open","ping_status":"open","sticky":false,"template":"","format":"standard","meta":{"_acf_changed":false,"_themeisle_gutenberg_block_has_review":false,"footnotes":""},"categories":[7],"tags":[],"class_list":["post-79","post","type-post","status-publish","format-standard","hentry","category-non_classe"],"acf":[],"_links":{"self":[{"href":"https:\/\/www.gplr-12.fr\/index.php\/wp-json\/wp\/v2\/posts\/79","targetHints":{"allow":["GET"]}}],"collection":[{"href":"https:\/\/www.gplr-12.fr\/index.php\/wp-json\/wp\/v2\/posts"}],"about":[{"href":"https:\/\/www.gplr-12.fr\/index.php\/wp-json\/wp\/v2\/types\/post"}],"author":[{"embeddable":true,"href":"https:\/\/www.gplr-12.fr\/index.php\/wp-json\/wp\/v2\/users\/1"}],"replies":[{"embeddable":true,"href":"https:\/\/www.gplr-12.fr\/index.php\/wp-json\/wp\/v2\/comments?post=79"}],"version-history":[{"count":4,"href":"https:\/\/www.gplr-12.fr\/index.php\/wp-json\/wp\/v2\/posts\/79\/revisions"}],"predecessor-version":[{"id":86,"href":"https:\/\/www.gplr-12.fr\/index.php\/wp-json\/wp\/v2\/posts\/79\/revisions\/86"}],"wp:attachment":[{"href":"https:\/\/www.gplr-12.fr\/index.php\/wp-json\/wp\/v2\/media?parent=79"}],"wp:term":[{"taxonomy":"category","embeddable":true,"href":"https:\/\/www.gplr-12.fr\/index.php\/wp-json\/wp\/v2\/categories?post=79"},{"taxonomy":"post_tag","embeddable":true,"href":"https:\/\/www.gplr-12.fr\/index.php\/wp-json\/wp\/v2\/tags?post=79"}],"curies":[{"name":"wp","href":"https:\/\/api.w.org\/{rel}","templated":true}]}}