{"id":764,"date":"2023-05-10T10:42:00","date_gmt":"2023-05-10T08:42:00","guid":{"rendered":"https:\/\/www.philagplr12.fr\/?p=764"},"modified":"2023-08-18T10:45:44","modified_gmt":"2023-08-18T08:45:44","slug":"exposition-jean-moulin-et-la-resistance-2","status":"publish","type":"post","link":"https:\/\/www.gplr-12.fr\/index.php\/2023\/05\/10\/exposition-jean-moulin-et-la-resistance-2\/","title":{"rendered":"Ausstellung &#8220;Jean Moulin und die R\u00e9sistance&#8221;"},"content":{"rendered":"\n<div id=\"wp-block-themeisle-blocks-advanced-columns-d7c35cac\" class=\"wp-block-themeisle-blocks-advanced-columns has-2-columns has-desktop-oneTwo-layout has-tablet-equal-layout has-mobile-collapsedRows-layout has-vertical-unset\"><div class=\"wp-block-themeisle-blocks-advanced-columns-overlay\"><\/div><div class=\"innerblocks-wrap\">\n<div id=\"wp-block-themeisle-blocks-advanced-column-fa807731\" class=\"wp-block-themeisle-blocks-advanced-column\"><div class=\"wp-block-image\">\n<figure class=\"aligncenter size-full is-resized\"><img loading=\"lazy\" decoding=\"async\" src=\"https:\/\/www.sumi0061.odns.fr\/wp-content\/uploads\/2023\/08\/Jean_Moulin_1957_GF.jpg\" alt=\"\" class=\"wp-image-163\" style=\"width:163px;height:237px\" width=\"163\" height=\"237\" srcset=\"https:\/\/www.gplr-12.fr\/wp-content\/uploads\/2023\/08\/Jean_Moulin_1957_GF.jpg 548w, https:\/\/www.gplr-12.fr\/wp-content\/uploads\/2023\/08\/Jean_Moulin_1957_GF-206x300.jpg 206w\" sizes=\"auto, (max-width: 163px) 100vw, 163px\" \/><\/figure>\n<\/div><\/div>\n\n\n\n<div id=\"wp-block-themeisle-blocks-advanced-column-fa673252\" class=\"wp-block-themeisle-blocks-advanced-column\">\n<p><\/p>\n\n\n\n<p><\/p>\n\n\n\n<p>Organisiert von der Association Philat\u00e9lique et Numismatique Biterroise in Zusammenarbeit mit dem Rathaus von B\u00e9ziers, vom 12. bis 31. Mai in der Mediathek &#8220;Andr\u00e9 Malraux&#8221;.<\/p>\n<\/div>\n<\/div><\/div>\n\n\n\n<p>Die Ausstellung besteht aus 18 Rahmen und zeigt verschiedene Sammlungen zu den folgenden Themen:<\/p>\n\n\n\n<ul class=\"wp-block-list\">\n<li><strong>&#8220;Die Post in der freien Zone&#8221; von Jos\u00e9 BURTON<\/strong><\/li>\n\n\n\n<li><strong>&#8220;Jean Moulin&#8221; von Jacques BALDONI-ANDREY<\/strong><\/li>\n\n\n\n<li><strong>&#8220;Jean Moulin&#8221; von Serge MAGALLON<\/strong><\/li>\n\n\n\n<li><strong>&#8220;Briefmarken des Widerstandsk\u00e4mpfers&#8221; von Jos\u00e9 BURTON<\/strong><\/li>\n<\/ul>\n\n\n\n<p>Serge MAGALLON, Vorsitzender der APNB, erwartet Sie zahlreich und informiert Sie auch, dass am 27. Mai die Einweihung seines Geburtshauses stattfinden wird.<\/p>\n\n\n\n<p>Schlie\u00dflich werden auch philatelistische Souvenirs zum Verkauf angeboten, f\u00fcr die Sie unten den Subskriptionsschein finden.<\/p>\n\n\n<div class='w3eden'><!-- WPDM Link Template: Default Template -->\n\n<div class=\"link-template-default card mb-2\">\n    <div class=\"card-body\">\n        <div class=\"media\">\n            <div class=\"mr-3 img-48\"><img decoding=\"async\" class=\"wpdm_icon\" alt=\"Ic\u00f4ne\" src=\"https:\/\/www.gplr-12.fr\/wp-content\/plugins\/download-manager\/assets\/file-type-icons\/pdf.svg\" \/><\/div>\n            <div class=\"media-body\">\n                <h3 class=\"package-title\"><a href='https:\/\/www.gplr-12.fr\/index.php\/download\/bon-souscription-jean-moulin-2023\/'>Bon souscription \"Jean Moulin 2023\"<\/a><\/h3>\n                <div class=\"text-muted text-small\"><i class=\"fas fa-copy\"><\/i> 1 fichier\u00b7s <i class=\"fas fa-hdd ml-3\"><\/i> 161.04 KB<\/div>\n            <\/div>\n            <div class=\"ml-3\">\n                <a class='wpdm-download-link download-on-click btn btn-primary ' rel='nofollow' href='#' data-downloadurl=\"https:\/\/www.gplr-12.fr\/index.php\/download\/bon-souscription-jean-moulin-2023\/?wpdmdl=165&refresh=69f19de44cf021777442276\">T\u00e9l\u00e9charger<\/a>\n            <\/div>\n        <\/div>\n    <\/div>\n<\/div>\n\n<\/div>\n","protected":false},"excerpt":{"rendered":"<p>Die Ausstellung besteht aus 18 Rahmen und zeigt verschiedene Sammlungen zu den folgenden Themen: Serge MAGALLON, Vorsitzender der APNB, erwartet Sie zahlreich und informiert Sie [&#8230;]<\/p>\n","protected":false},"author":1,"featured_media":0,"comment_status":"open","ping_status":"open","sticky":false,"template":"","format":"standard","meta":{"_acf_changed":false,"_themeisle_gutenberg_block_has_review":false,"footnotes":""},"categories":[168],"tags":[],"class_list":["post-764","post","type-post","status-publish","format-standard","hentry","category-nachrichten"],"acf":[],"_links":{"self":[{"href":"https:\/\/www.gplr-12.fr\/index.php\/wp-json\/wp\/v2\/posts\/764","targetHints":{"allow":["GET"]}}],"collection":[{"href":"https:\/\/www.gplr-12.fr\/index.php\/wp-json\/wp\/v2\/posts"}],"about":[{"href":"https:\/\/www.gplr-12.fr\/index.php\/wp-json\/wp\/v2\/types\/post"}],"author":[{"embeddable":true,"href":"https:\/\/www.gplr-12.fr\/index.php\/wp-json\/wp\/v2\/users\/1"}],"replies":[{"embeddable":true,"href":"https:\/\/www.gplr-12.fr\/index.php\/wp-json\/wp\/v2\/comments?post=764"}],"version-history":[{"count":3,"href":"https:\/\/www.gplr-12.fr\/index.php\/wp-json\/wp\/v2\/posts\/764\/revisions"}],"predecessor-version":[{"id":767,"href":"https:\/\/www.gplr-12.fr\/index.php\/wp-json\/wp\/v2\/posts\/764\/revisions\/767"}],"wp:attachment":[{"href":"https:\/\/www.gplr-12.fr\/index.php\/wp-json\/wp\/v2\/media?parent=764"}],"wp:term":[{"taxonomy":"category","embeddable":true,"href":"https:\/\/www.gplr-12.fr\/index.php\/wp-json\/wp\/v2\/categories?post=764"},{"taxonomy":"post_tag","embeddable":true,"href":"https:\/\/www.gplr-12.fr\/index.php\/wp-json\/wp\/v2\/tags?post=764"}],"curies":[{"name":"wp","href":"https:\/\/api.w.org\/{rel}","templated":true}]}}