{"id":121,"date":"2022-07-27T17:58:00","date_gmt":"2022-07-27T15:58:00","guid":{"rendered":"https:\/\/www.philagplr12.fr\/?p=121"},"modified":"2023-08-03T17:59:58","modified_gmt":"2023-08-03T15:59:58","slug":"paris-philex-2022-lintegrale","status":"publish","type":"post","link":"https:\/\/www.gplr-12.fr\/index.php\/2022\/07\/27\/paris-philex-2022-lintegrale\/","title":{"rendered":"Paris Philex 2022, l&#8217;int\u00e9grale"},"content":{"rendered":"\n<p>Vous avez pu d\u00e9couvrir la premi\u00e8re vid\u00e9o r\u00e9alis\u00e9e \u00e0 Paris-Philex 2022, centr\u00e9e sur le salon \u00e0 la porte de Versailles et la grande vari\u00e9t\u00e9 des activit\u00e9s qui vous ont \u00e9t\u00e9 propos\u00e9es.<\/p>\n\n\n\n<p>C&#8217;est la captation en int\u00e9gralit\u00e9 du congr\u00e8s qu&#8217;il vous est possible de visionner.<\/p>\n\n\n\n<p>Cette ann\u00e9e, le congr\u00e8s a \u00e9t\u00e9 capt\u00e9 avec deux cam\u00e9ras, et le son enregistr\u00e9 s\u00e9par\u00e9ment en plus des deux bandes-son des vid\u00e9os, dans le but de vous proposer un visionnage de meilleure qualit\u00e9 (audio de plus intelligible, plus de plans serr\u00e9s\/gros plans sur les intervenants au pupitre \u00e0 l&#8217;image).<\/p>\n\n\n\n<p>Le sommaire interactif est comme toujours disponible dans la description de la vid\u00e9o.<\/p>\n\n\n\n<figure class=\"wp-block-embed is-type-video is-provider-youtube wp-block-embed-youtube wp-embed-aspect-16-9 wp-has-aspect-ratio\"><div class=\"wp-block-embed__wrapper\">\n<iframe loading=\"lazy\" title=\"95e congr\u00e8s de la FFAP - Cit\u00e9 Internationale Universitaire de Paris\" width=\"800\" height=\"450\" src=\"https:\/\/www.youtube.com\/embed\/JoyJjdn38s0?feature=oembed\" frameborder=\"0\" allow=\"accelerometer; autoplay; clipboard-write; encrypted-media; gyroscope; picture-in-picture; web-share\" referrerpolicy=\"strict-origin-when-cross-origin\" allowfullscreen><\/iframe>\n<\/div><\/figure>\n","protected":false},"excerpt":{"rendered":"<p>Vous avez pu d\u00e9couvrir la premi\u00e8re vid\u00e9o r\u00e9alis\u00e9e \u00e0 Paris-Philex 2022, centr\u00e9e sur le salon \u00e0 la porte de Versailles et la grande vari\u00e9t\u00e9 des [&#8230;]<\/p>\n","protected":false},"author":1,"featured_media":0,"comment_status":"open","ping_status":"open","sticky":false,"template":"","format":"standard","meta":{"_acf_changed":false,"_themeisle_gutenberg_block_has_review":false,"footnotes":""},"categories":[7],"tags":[],"class_list":["post-121","post","type-post","status-publish","format-standard","hentry","category-non_classe"],"acf":[],"_links":{"self":[{"href":"https:\/\/www.gplr-12.fr\/index.php\/wp-json\/wp\/v2\/posts\/121","targetHints":{"allow":["GET"]}}],"collection":[{"href":"https:\/\/www.gplr-12.fr\/index.php\/wp-json\/wp\/v2\/posts"}],"about":[{"href":"https:\/\/www.gplr-12.fr\/index.php\/wp-json\/wp\/v2\/types\/post"}],"author":[{"embeddable":true,"href":"https:\/\/www.gplr-12.fr\/index.php\/wp-json\/wp\/v2\/users\/1"}],"replies":[{"embeddable":true,"href":"https:\/\/www.gplr-12.fr\/index.php\/wp-json\/wp\/v2\/comments?post=121"}],"version-history":[{"count":1,"href":"https:\/\/www.gplr-12.fr\/index.php\/wp-json\/wp\/v2\/posts\/121\/revisions"}],"predecessor-version":[{"id":122,"href":"https:\/\/www.gplr-12.fr\/index.php\/wp-json\/wp\/v2\/posts\/121\/revisions\/122"}],"wp:attachment":[{"href":"https:\/\/www.gplr-12.fr\/index.php\/wp-json\/wp\/v2\/media?parent=121"}],"wp:term":[{"taxonomy":"category","embeddable":true,"href":"https:\/\/www.gplr-12.fr\/index.php\/wp-json\/wp\/v2\/categories?post=121"},{"taxonomy":"post_tag","embeddable":true,"href":"https:\/\/www.gplr-12.fr\/index.php\/wp-json\/wp\/v2\/tags?post=121"}],"curies":[{"name":"wp","href":"https:\/\/api.w.org\/{rel}","templated":true}]}}